{"id":1219,"date":"2025-08-19T17:33:18","date_gmt":"2025-08-19T17:33:18","guid":{"rendered":"https:\/\/noticiasdeescobar.blog\/?p=1219"},"modified":"2025-08-19T20:28:49","modified_gmt":"2025-08-19T20:28:49","slug":"se-incendio-una-casa-en-loma-verde-fue-un-rayo","status":"publish","type":"post","link":"https:\/\/noticiasdeescobar.blog\/?p=1219","title":{"rendered":"Se incendi\u00f3 una casa en Loma Verde: \u00bffue un rayo?\u00a0"},"content":{"rendered":"\n<p class=\"wp-block-paragraph\"><strong><em>Vecinos hablan de la ca\u00edda de un rayo cuando se \u2079inici\u00f3 anoche la tormenta, aunque los bomberos no pueden confirmarlo. La vivienda estaba deshabitada.<\/em><\/strong>&nbsp;<\/p>\n\n\n\n<!--more-->\n\n\n\n<p class=\"wp-block-paragraph\">Un incendio de vivienda se gener\u00f3 anoche en plena lluvia. Ocurri\u00f3 en una casa del country Haras Santa Mar\u00eda.&nbsp;<\/p>\n\n\n\n<p class=\"wp-block-paragraph\">Las primeras versiones indicaban que un rayo fue el motivo del siniestro, aunque fuentes oficiales no lo confirmaron.&nbsp;<\/p>\n\n\n\n<p class=\"wp-block-paragraph\">El incendio, que se ve\u00eda desde varios puntos del barrio lomaverdense, se gener\u00f3 en el techo del segundo piso, donde hab\u00eda un dep\u00f3sito con colchones y otros elementos.&nbsp;<\/p>\n\n\n\n<p class=\"wp-block-paragraph\">En la planta baja, solo se vio afectado un aire acondicionado y un ventilador. Aunque la temperatura era muy alta.&nbsp;<\/p>\n\n\n\n<p class=\"wp-block-paragraph\">El primero en llegar fue subcomandante retirado Juan Carlos Toledo, residente del barrio Atardecer, quien lleg\u00f3 con dos matafuegos. Un vecino a su vez colabor\u00f3 con un tercero.&nbsp;<\/p>\n\n\n\n<p class=\"wp-block-paragraph\">Luego los bomberos voluntarios de Escobar acudieron con tres m\u00f3viles para enfriar el lugar.&nbsp;Trascendi\u00f3 que la vivienda estaba deshabitada desde hace un mes y medio, cuando se fueron los inquilinos.&nbsp;<\/p>\n","protected":false},"excerpt":{"rendered":"<p>Vecinos hablan de la ca\u00edda de un rayo cuando se \u2079inici\u00f3 anoche la tormenta, aunque los bomberos no pueden confirmarlo.&hellip;<\/p>\n","protected":false},"author":1,"featured_media":1220,"comment_status":"open","ping_status":"open","sticky":false,"template":"","format":"standard","meta":{"footnotes":""},"categories":[2],"tags":[25,93,198],"class_list":["post-1219","post","type-post","status-publish","format-standard","has-post-thumbnail","hentry","category-policiales","tag-incendio","tag-loma-verde","tag-rayo"],"_links":{"self":[{"href":"https:\/\/noticiasdeescobar.blog\/index.php?rest_route=\/wp\/v2\/posts\/1219","targetHints":{"allow":["GET"]}}],"collection":[{"href":"https:\/\/noticiasdeescobar.blog\/index.php?rest_route=\/wp\/v2\/posts"}],"about":[{"href":"https:\/\/noticiasdeescobar.blog\/index.php?rest_route=\/wp\/v2\/types\/post"}],"author":[{"embeddable":true,"href":"https:\/\/noticiasdeescobar.blog\/index.php?rest_route=\/wp\/v2\/users\/1"}],"replies":[{"embeddable":true,"href":"https:\/\/noticiasdeescobar.blog\/index.php?rest_route=%2Fwp%2Fv2%2Fcomments&post=1219"}],"version-history":[{"count":4,"href":"https:\/\/noticiasdeescobar.blog\/index.php?rest_route=\/wp\/v2\/posts\/1219\/revisions"}],"predecessor-version":[{"id":1250,"href":"https:\/\/noticiasdeescobar.blog\/index.php?rest_route=\/wp\/v2\/posts\/1219\/revisions\/1250"}],"wp:featuredmedia":[{"embeddable":true,"href":"https:\/\/noticiasdeescobar.blog\/index.php?rest_route=\/wp\/v2\/media\/1220"}],"wp:attachment":[{"href":"https:\/\/noticiasdeescobar.blog\/index.php?rest_route=%2Fwp%2Fv2%2Fmedia&parent=1219"}],"wp:term":[{"taxonomy":"category","embeddable":true,"href":"https:\/\/noticiasdeescobar.blog\/index.php?rest_route=%2Fwp%2Fv2%2Fcategories&post=1219"},{"taxonomy":"post_tag","embeddable":true,"href":"https:\/\/noticiasdeescobar.blog\/index.php?rest_route=%2Fwp%2Fv2%2Ftags&post=1219"}],"curies":[{"name":"wp","href":"https:\/\/api.w.org\/{rel}","templated":true}]}}