{"id":1632,"date":"2025-11-28T13:02:17","date_gmt":"2025-11-28T13:02:17","guid":{"rendered":"https:\/\/noticiasdeescobar.blog\/?p=1632"},"modified":"2025-11-28T13:02:18","modified_gmt":"2025-11-28T13:02:18","slug":"accidente-en-panamericana-una-conductora-relato-el-momento-en-que-logro-frenar-a-tiempo","status":"publish","type":"post","link":"https:\/\/noticiasdeescobar.blog\/?p=1632","title":{"rendered":"Accidente en panamericana: una conductora relat\u00f3 el momento en que logr\u00f3 frenar a tiempo"},"content":{"rendered":"\n<p class=\"has-vivid-red-color has-text-color has-link-color wp-elements-4f3848629e5aa47320a25bb10e79221e wp-block-paragraph\"><em><strong>Sucedi\u00f3 en el Km 47, entre Ingeniero Maschwitz y Bel\u00e9n de Escobar<\/strong>. <strong>Ocurri\u00f3 hoy alrededor de las 8 de la ma\u00f1ana.<\/strong><\/em><\/p>\n\n\n\n<!--more-->\n\n\n\n<p class=\"wp-block-paragraph\"><\/p>\n\n\n\n<p class=\"wp-block-paragraph\">Un siniestro vial ocurrido esta ma\u00f1ana en la Autopista Panamericana mantiene el tr\u00e1nsito reducido a la altura del kil\u00f3metro 47 y alrededores, en el tramo que une Maschwitz con Bel\u00e9n de Escobar. Un cami\u00f3n habr\u00eda perdido estabilidad luego de cambiar de carril bruscamente, quedando atravesado y derramando parte de su carga sobre la calzada.<\/p>\n\n\n\n<p class=\"wp-block-paragraph\">Decenas de veh\u00edculos que circulaban hacia Capital debieron frenar de golpe. Entre ellos, una mujer que presenci\u00f3 y vivi\u00f3 el momento en primera persona, y que logr\u00f3 evitar un choque de gravedad. Su testimonio, difundido en redes sociales junto a una imagen tomada desde su auto, refleja la tensi\u00f3n del episodio y el riesgo al volante en horas pico.<\/p>\n\n\n\n<blockquote class=\"wp-block-quote is-layout-flow wp-block-quote-is-layout-flow\">\n<p class=\"wp-block-paragraph\"><em>\u201cQu\u00e9 forma de empezar el d\u00eda\u2026 Pude frenar justo, ya me ve\u00eda debajo de esa carga\u201d,<\/em> relat\u00f3.<br><em>\u201cEl cami\u00f3n se cruz\u00f3 de carril por esquivar un auto \u2014o porque este fren\u00f3, no recuerdo bien qu\u00e9 me dijo\u2014. Gracias al chico que ven\u00eda atr\u00e1s y enseguida se acerc\u00f3 para ver c\u00f3mo estaba. Pens\u00f3 que no llegaba a frenar.\u201d<\/em><\/p>\n<\/blockquote>\n\n\n\n<p class=\"wp-block-paragraph\">La mujer, visiblemente conmocionada, cont\u00f3 que la escena la tom\u00f3 por sorpresa: el veh\u00edculo de gran porte qued\u00f3 cruzado y la mercader\u00eda ca\u00edda ocup\u00f3 parte del carril. Su maniobra r\u00e1pida evit\u00f3 que terminara impactando de lleno contra el cami\u00f3n.<\/p>\n\n\n\n<h3 class=\"wp-block-heading\">\ud83d\udee3 Tr\u00e1nsito reducido y demoras prolongadas<\/h3>\n\n\n\n<p class=\"wp-block-paragraph\">Luego del incidente, un carril qued\u00f3 obstruido por la carga ca\u00edda sobre el asfalto, lo que gener\u00f3 largas filas y circulaci\u00f3n lenta durante la ma\u00f1ana. Personal de seguridad vial trabaj\u00f3 en el lugar para ordenar el tr\u00e1nsito y remover el material esparcido, mientras los conductores avanzaban con extrema precauci\u00f3n.<\/p>\n\n\n\n<h3 class=\"wp-block-heading\">\ud83d\ude2e \u201cFlor de susto me di\u201d<\/h3>\n\n\n\n<p class=\"wp-block-paragraph\">Las palabras de la automovilista resumen el impacto emocional del hecho, y ponen de relieve el factor humano detr\u00e1s de cada accidente de ruta: segundos, una reacci\u00f3n a tiempo y un margen m\u00ednimo pueden separar un sobresalto de una tragedia.<\/p>\n\n\n\n<p class=\"wp-block-paragraph\">La jornada estuvo marcada por el alivio de quienes lograron esquivar el choque, pero tambi\u00e9n por el recuerdo de lo cerca que estuvo de ocurrir un siniestro mayor.<\/p>\n","protected":false},"excerpt":{"rendered":"<p>Sucedi\u00f3 en el Km 47, entre Ingeniero Maschwitz y Bel\u00e9n de Escobar. Ocurri\u00f3 hoy alrededor de las 8 de la&hellip;<\/p>\n","protected":false},"author":1,"featured_media":1633,"comment_status":"open","ping_status":"open","sticky":false,"template":"","format":"standard","meta":{"footnotes":""},"categories":[2],"tags":[26,64],"class_list":["post-1632","post","type-post","status-publish","format-standard","has-post-thumbnail","hentry","category-policiales","tag-accidente","tag-camion"],"_links":{"self":[{"href":"https:\/\/noticiasdeescobar.blog\/index.php?rest_route=\/wp\/v2\/posts\/1632","targetHints":{"allow":["GET"]}}],"collection":[{"href":"https:\/\/noticiasdeescobar.blog\/index.php?rest_route=\/wp\/v2\/posts"}],"about":[{"href":"https:\/\/noticiasdeescobar.blog\/index.php?rest_route=\/wp\/v2\/types\/post"}],"author":[{"embeddable":true,"href":"https:\/\/noticiasdeescobar.blog\/index.php?rest_route=\/wp\/v2\/users\/1"}],"replies":[{"embeddable":true,"href":"https:\/\/noticiasdeescobar.blog\/index.php?rest_route=%2Fwp%2Fv2%2Fcomments&post=1632"}],"version-history":[{"count":1,"href":"https:\/\/noticiasdeescobar.blog\/index.php?rest_route=\/wp\/v2\/posts\/1632\/revisions"}],"predecessor-version":[{"id":1634,"href":"https:\/\/noticiasdeescobar.blog\/index.php?rest_route=\/wp\/v2\/posts\/1632\/revisions\/1634"}],"wp:featuredmedia":[{"embeddable":true,"href":"https:\/\/noticiasdeescobar.blog\/index.php?rest_route=\/wp\/v2\/media\/1633"}],"wp:attachment":[{"href":"https:\/\/noticiasdeescobar.blog\/index.php?rest_route=%2Fwp%2Fv2%2Fmedia&parent=1632"}],"wp:term":[{"taxonomy":"category","embeddable":true,"href":"https:\/\/noticiasdeescobar.blog\/index.php?rest_route=%2Fwp%2Fv2%2Fcategories&post=1632"},{"taxonomy":"post_tag","embeddable":true,"href":"https:\/\/noticiasdeescobar.blog\/index.php?rest_route=%2Fwp%2Fv2%2Ftags&post=1632"}],"curies":[{"name":"wp","href":"https:\/\/api.w.org\/{rel}","templated":true}]}}