{"id":1841,"date":"2026-02-06T13:59:42","date_gmt":"2026-02-06T13:59:42","guid":{"rendered":"https:\/\/noticiasdeescobar.blog\/?p=1841"},"modified":"2026-02-06T13:59:43","modified_gmt":"2026-02-06T13:59:43","slug":"peluqueria-solidaria-en-el-barrio-amancay","status":"publish","type":"post","link":"https:\/\/noticiasdeescobar.blog\/?p=1841","title":{"rendered":"Peluquer\u00eda solidaria en el barrio Amancay"},"content":{"rendered":"\n<p class=\"wp-block-paragraph\">Este <strong>domingo<\/strong>, de <strong>11 a 16<\/strong>, se llevar\u00e1 adelante una nueva jornada de <strong>Peluquer\u00eda Social<\/strong> en el <strong>Merendero \u201cUna puerta para los chicos\u201d<\/strong>, ubicado en <strong>Las Rosas 2111<\/strong>, en el barrio <strong>Amancay<\/strong> de <strong>Maquinista Savio<\/strong>. La iniciativa apunta a brindar cortes de cabello solidarios para que los chicos puedan comenzar el ciclo lectivo en mejores condiciones.<\/p>\n\n\n\n<!--more-->\n\n\n\n<p class=\"wp-block-paragraph\">La propuesta surgi\u00f3 por iniciativa de <strong>Mingo Pereyra<\/strong>, quien en los \u00faltimos d\u00edas recorri\u00f3 comercios, vecinos y colegas para sumar voluntades. As\u00ed fue como se arm\u00f3 una red solidaria que no tard\u00f3 en crecer: el vecino <strong>Hugo Cantero<\/strong> prest\u00f3 un gazebo para montar el espacio de trabajo, mientras que desde una gr\u00e1fica local, <strong>Miguelote<\/strong>, dise\u00f1\u00f3 el logo de la movida y adem\u00e1s don\u00f3 remeras para los peluqueros.<\/p>\n\n\n<div class=\"wp-block-image\">\n<figure class=\"aligncenter size-large\"><img loading=\"lazy\" decoding=\"async\" width=\"589\" height=\"1024\" src=\"https:\/\/noticiasdeescobar.blog\/wp-content\/uploads\/2026\/02\/WhatsApp-Image-2026-02-06-at-10.56.42-1-589x1024.jpeg\" alt=\"\" class=\"wp-image-1845\" srcset=\"https:\/\/noticiasdeescobar.blog\/wp-content\/uploads\/2026\/02\/WhatsApp-Image-2026-02-06-at-10.56.42-1-589x1024.jpeg 589w, https:\/\/noticiasdeescobar.blog\/wp-content\/uploads\/2026\/02\/WhatsApp-Image-2026-02-06-at-10.56.42-1-173x300.jpeg 173w, https:\/\/noticiasdeescobar.blog\/wp-content\/uploads\/2026\/02\/WhatsApp-Image-2026-02-06-at-10.56.42-1.jpeg 694w\" sizes=\"auto, (max-width: 589px) 100vw, 589px\" \/><\/figure>\n<\/div>\n\n\n<p class=\"wp-block-paragraph\">Durante la jornada, el grupo <strong>\u201cPeluqueros con Coraz\u00f3n\u201d<\/strong> realizar\u00e1 cortes gratuitos para <strong>ni\u00f1os, j\u00f3venes, adultos y adultos mayores<\/strong>, con una modalidad pensada especialmente para ayudar a las familias en un momento clave del a\u00f1o. La iniciativa ya inici\u00f3 hace unos d\u00edas en distintos puntos de Maquinista Savio.<\/p>\n\n\n\n<p class=\"wp-block-paragraph\">Seg\u00fan informaron los organizadores, <strong>los chicos no abonar\u00e1n nada<\/strong> este domingo, ya que el objetivo es que lleguen al inicio de clases \u201cprolijos y con buena autoestima\u201d. En el caso de los adultos, se solicita como colaboraci\u00f3n <strong>un \u00fatil escolar o $4.000<\/strong>, dinero que ser\u00e1 destinado \u00edntegramente a la compra de \u00fatiles para los chicos que asisten al merendero.<\/p>\n\n\n<div class=\"wp-block-image\">\n<figure class=\"aligncenter size-full\"><img loading=\"lazy\" decoding=\"async\" width=\"711\" height=\"537\" src=\"https:\/\/noticiasdeescobar.blog\/wp-content\/uploads\/2026\/02\/WhatsApp-Image-2026-02-06-at-10.56.42-2.jpeg\" alt=\"\" class=\"wp-image-1846\" srcset=\"https:\/\/noticiasdeescobar.blog\/wp-content\/uploads\/2026\/02\/WhatsApp-Image-2026-02-06-at-10.56.42-2.jpeg 711w, https:\/\/noticiasdeescobar.blog\/wp-content\/uploads\/2026\/02\/WhatsApp-Image-2026-02-06-at-10.56.42-2-300x227.jpeg 300w\" sizes=\"auto, (max-width: 711px) 100vw, 711px\" \/><\/figure>\n<\/div>\n\n\n<p class=\"wp-block-paragraph\">Adem\u00e1s, Mingo Pereyra ya realiz\u00f3 aportes previos al lugar, acercando <strong>ropa, juguetes y calzados<\/strong> que fueron donados por vecinos y comerciantes. Desde el merendero remarcaron que la situaci\u00f3n es cada vez m\u00e1s compleja: el espacio pas\u00f3 de recibir <strong>70 a 120 chicos<\/strong>, lo que increment\u00f3 notablemente las necesidades diarias.<\/p>\n\n\n<div class=\"wp-block-image\">\n<figure class=\"aligncenter size-large\"><img loading=\"lazy\" decoding=\"async\" width=\"1024\" height=\"768\" src=\"https:\/\/noticiasdeescobar.blog\/wp-content\/uploads\/2026\/02\/WhatsApp-Image-2026-02-06-at-10.49.32-1024x768.jpeg\" alt=\"\" class=\"wp-image-1843\" srcset=\"https:\/\/noticiasdeescobar.blog\/wp-content\/uploads\/2026\/02\/WhatsApp-Image-2026-02-06-at-10.49.32-1024x768.jpeg 1024w, https:\/\/noticiasdeescobar.blog\/wp-content\/uploads\/2026\/02\/WhatsApp-Image-2026-02-06-at-10.49.32-300x225.jpeg 300w, https:\/\/noticiasdeescobar.blog\/wp-content\/uploads\/2026\/02\/WhatsApp-Image-2026-02-06-at-10.49.32-768x576.jpeg 768w, https:\/\/noticiasdeescobar.blog\/wp-content\/uploads\/2026\/02\/WhatsApp-Image-2026-02-06-at-10.49.32-1536x1152.jpeg 1536w, https:\/\/noticiasdeescobar.blog\/wp-content\/uploads\/2026\/02\/WhatsApp-Image-2026-02-06-at-10.49.32.jpeg 1600w\" sizes=\"auto, (max-width: 1024px) 100vw, 1024px\" \/><\/figure>\n<\/div>\n\n\n<p class=\"wp-block-paragraph\">La actividad se presenta como una jornada solidaria abierta a toda la comunidad, donde el compromiso colectivo busca dar una mano concreta en un contexto dif\u00edcil y acompa\u00f1ar a los m\u00e1s chicos en la previa del regreso a clases.<\/p>\n","protected":false},"excerpt":{"rendered":"<p>Este domingo, de 11 a 16, se llevar\u00e1 adelante una nueva jornada de Peluquer\u00eda Social en el Merendero \u201cUna puerta&hellip;<\/p>\n","protected":false},"author":1,"featured_media":1842,"comment_status":"open","ping_status":"open","sticky":false,"template":"","format":"standard","meta":{"footnotes":""},"categories":[6],"tags":[273,272],"class_list":["post-1841","post","type-post","status-publish","format-standard","has-post-thumbnail","hentry","category-interes-general","tag-peluqueros-con-corazon","tag-una-puerta-para-los-chicos"],"_links":{"self":[{"href":"https:\/\/noticiasdeescobar.blog\/index.php?rest_route=\/wp\/v2\/posts\/1841","targetHints":{"allow":["GET"]}}],"collection":[{"href":"https:\/\/noticiasdeescobar.blog\/index.php?rest_route=\/wp\/v2\/posts"}],"about":[{"href":"https:\/\/noticiasdeescobar.blog\/index.php?rest_route=\/wp\/v2\/types\/post"}],"author":[{"embeddable":true,"href":"https:\/\/noticiasdeescobar.blog\/index.php?rest_route=\/wp\/v2\/users\/1"}],"replies":[{"embeddable":true,"href":"https:\/\/noticiasdeescobar.blog\/index.php?rest_route=%2Fwp%2Fv2%2Fcomments&post=1841"}],"version-history":[{"count":1,"href":"https:\/\/noticiasdeescobar.blog\/index.php?rest_route=\/wp\/v2\/posts\/1841\/revisions"}],"predecessor-version":[{"id":1847,"href":"https:\/\/noticiasdeescobar.blog\/index.php?rest_route=\/wp\/v2\/posts\/1841\/revisions\/1847"}],"wp:featuredmedia":[{"embeddable":true,"href":"https:\/\/noticiasdeescobar.blog\/index.php?rest_route=\/wp\/v2\/media\/1842"}],"wp:attachment":[{"href":"https:\/\/noticiasdeescobar.blog\/index.php?rest_route=%2Fwp%2Fv2%2Fmedia&parent=1841"}],"wp:term":[{"taxonomy":"category","embeddable":true,"href":"https:\/\/noticiasdeescobar.blog\/index.php?rest_route=%2Fwp%2Fv2%2Fcategories&post=1841"},{"taxonomy":"post_tag","embeddable":true,"href":"https:\/\/noticiasdeescobar.blog\/index.php?rest_route=%2Fwp%2Fv2%2Ftags&post=1841"}],"curies":[{"name":"wp","href":"https:\/\/api.w.org\/{rel}","templated":true}]}}