{"id":1848,"date":"2026-02-06T20:30:29","date_gmt":"2026-02-06T20:30:29","guid":{"rendered":"https:\/\/noticiasdeescobar.blog\/?p=1848"},"modified":"2026-02-06T20:31:28","modified_gmt":"2026-02-06T20:31:28","slug":"incendio-en-loma-verde-una-vivienda-sufrio-perdidas-totales","status":"publish","type":"post","link":"https:\/\/noticiasdeescobar.blog\/?p=1848","title":{"rendered":"Incendio en Loma Verde: una vivienda sufri\u00f3 p\u00e9rdidas totales"},"content":{"rendered":"\n<p class=\"wp-block-paragraph\">Un incendio generalizado afect\u00f3 este mediod\u00eda a una vivienda ubicada en <strong>calle 133, entre Congreve y colectora<\/strong>, en la localidad de <strong>Loma Verde<\/strong>, partido de Escobar. Si bien la situaci\u00f3n fue controlada r\u00e1pidamente por los bomberos, <strong>los da\u00f1os fueron totales<\/strong>.<\/p>\n\n\n\n<!--more-->\n\n\n\n<figure class=\"wp-block-image size-large\"><img loading=\"lazy\" decoding=\"async\" width=\"1024\" height=\"534\" src=\"https:\/\/noticiasdeescobar.blog\/wp-content\/uploads\/2026\/02\/629838407_925518986799662_6354808411846459770_n-1024x534.jpg\" alt=\"\" class=\"wp-image-1850\" srcset=\"https:\/\/noticiasdeescobar.blog\/wp-content\/uploads\/2026\/02\/629838407_925518986799662_6354808411846459770_n-1024x534.jpg 1024w, https:\/\/noticiasdeescobar.blog\/wp-content\/uploads\/2026\/02\/629838407_925518986799662_6354808411846459770_n-300x156.jpg 300w, https:\/\/noticiasdeescobar.blog\/wp-content\/uploads\/2026\/02\/629838407_925518986799662_6354808411846459770_n-768x400.jpg 768w, https:\/\/noticiasdeescobar.blog\/wp-content\/uploads\/2026\/02\/629838407_925518986799662_6354808411846459770_n.jpg 1239w\" sizes=\"auto, (max-width: 1024px) 100vw, 1024px\" \/><\/figure>\n\n\n\n<p class=\"wp-block-paragraph\">Seg\u00fan inform\u00f3 el <strong>Cuartel de Bomberos Voluntarios de Escobar<\/strong>, una dotaci\u00f3n a cargo del <strong>Ayudante Principal Fern\u00e1ndez <\/strong>acudi\u00f3 al lugar <strong>minutos despu\u00e9s del mediod\u00eda<\/strong>, tras recibir el alerta por el siniestro.<\/p>\n\n\n<div class=\"wp-block-image\">\n<figure class=\"aligncenter size-full\"><img loading=\"lazy\" decoding=\"async\" width=\"648\" height=\"340\" src=\"https:\/\/noticiasdeescobar.blog\/wp-content\/uploads\/2026\/02\/629431109_925518923466335_7886288054572860056_n.jpg\" alt=\"\" class=\"wp-image-1849\" srcset=\"https:\/\/noticiasdeescobar.blog\/wp-content\/uploads\/2026\/02\/629431109_925518923466335_7886288054572860056_n.jpg 648w, https:\/\/noticiasdeescobar.blog\/wp-content\/uploads\/2026\/02\/629431109_925518923466335_7886288054572860056_n-300x157.jpg 300w\" sizes=\"auto, (max-width: 648px) 100vw, 648px\" \/><\/figure>\n<\/div>\n\n\n<p class=\"wp-block-paragraph\">En el operativo trabajaron los m\u00f3viles <strong>A-4 y A-32<\/strong>, logrando evitar que el fuego se propagara hacia viviendas cercanas y controlando la emergencia en poco tiempo.<\/p>\n\n\n\n<figure class=\"wp-block-image size-large\"><img loading=\"lazy\" decoding=\"async\" width=\"1024\" height=\"534\" src=\"https:\/\/noticiasdeescobar.blog\/wp-content\/uploads\/2026\/02\/629999585_925518983466329_245896242196487576_n-1024x534.jpg\" alt=\"\" class=\"wp-image-1851\" srcset=\"https:\/\/noticiasdeescobar.blog\/wp-content\/uploads\/2026\/02\/629999585_925518983466329_245896242196487576_n-1024x534.jpg 1024w, https:\/\/noticiasdeescobar.blog\/wp-content\/uploads\/2026\/02\/629999585_925518983466329_245896242196487576_n-300x156.jpg 300w, https:\/\/noticiasdeescobar.blog\/wp-content\/uploads\/2026\/02\/629999585_925518983466329_245896242196487576_n-768x400.jpg 768w, https:\/\/noticiasdeescobar.blog\/wp-content\/uploads\/2026\/02\/629999585_925518983466329_245896242196487576_n.jpg 1239w\" sizes=\"auto, (max-width: 1024px) 100vw, 1024px\" \/><\/figure>\n\n\n\n<p class=\"wp-block-paragraph\">Hasta el momento no se informaron oficialmente personas heridas, mientras que las causas del incendio ser\u00e1n materia de investigaci\u00f3n.<\/p>\n","protected":false},"excerpt":{"rendered":"<p>Un incendio generalizado afect\u00f3 este mediod\u00eda a una vivienda ubicada en calle 133, entre Congreve y colectora, en la localidad&hellip;<\/p>\n","protected":false},"author":1,"featured_media":1852,"comment_status":"open","ping_status":"open","sticky":false,"template":"","format":"standard","meta":{"footnotes":""},"categories":[2],"tags":[25,93],"class_list":["post-1848","post","type-post","status-publish","format-standard","has-post-thumbnail","hentry","category-policiales","tag-incendio","tag-loma-verde"],"_links":{"self":[{"href":"https:\/\/noticiasdeescobar.blog\/index.php?rest_route=\/wp\/v2\/posts\/1848","targetHints":{"allow":["GET"]}}],"collection":[{"href":"https:\/\/noticiasdeescobar.blog\/index.php?rest_route=\/wp\/v2\/posts"}],"about":[{"href":"https:\/\/noticiasdeescobar.blog\/index.php?rest_route=\/wp\/v2\/types\/post"}],"author":[{"embeddable":true,"href":"https:\/\/noticiasdeescobar.blog\/index.php?rest_route=\/wp\/v2\/users\/1"}],"replies":[{"embeddable":true,"href":"https:\/\/noticiasdeescobar.blog\/index.php?rest_route=%2Fwp%2Fv2%2Fcomments&post=1848"}],"version-history":[{"count":1,"href":"https:\/\/noticiasdeescobar.blog\/index.php?rest_route=\/wp\/v2\/posts\/1848\/revisions"}],"predecessor-version":[{"id":1853,"href":"https:\/\/noticiasdeescobar.blog\/index.php?rest_route=\/wp\/v2\/posts\/1848\/revisions\/1853"}],"wp:featuredmedia":[{"embeddable":true,"href":"https:\/\/noticiasdeescobar.blog\/index.php?rest_route=\/wp\/v2\/media\/1852"}],"wp:attachment":[{"href":"https:\/\/noticiasdeescobar.blog\/index.php?rest_route=%2Fwp%2Fv2%2Fmedia&parent=1848"}],"wp:term":[{"taxonomy":"category","embeddable":true,"href":"https:\/\/noticiasdeescobar.blog\/index.php?rest_route=%2Fwp%2Fv2%2Fcategories&post=1848"},{"taxonomy":"post_tag","embeddable":true,"href":"https:\/\/noticiasdeescobar.blog\/index.php?rest_route=%2Fwp%2Fv2%2Ftags&post=1848"}],"curies":[{"name":"wp","href":"https:\/\/api.w.org\/{rel}","templated":true}]}}