{"id":1856,"date":"2026-02-07T19:07:40","date_gmt":"2026-02-07T19:07:40","guid":{"rendered":"https:\/\/noticiasdeescobar.blog\/?p=1856"},"modified":"2026-02-07T19:13:25","modified_gmt":"2026-02-07T19:13:25","slug":"incendio-vehicular-en-panamericana-perdidas-totales","status":"publish","type":"post","link":"https:\/\/noticiasdeescobar.blog\/?p=1856","title":{"rendered":"Incendio vehicular en Panamericana"},"content":{"rendered":"\n<p class=\"wp-block-paragraph\">Un <strong>incendio generalizado de un veh\u00edculo<\/strong> se registr\u00f3 hace instantes sobre la autopista <strong>Panamericana<\/strong>, a la altura del <strong>kil\u00f3metro 57<\/strong>, en sentido hacia <strong>Capital Federal<\/strong>.<\/p>\n\n\n\n<!--more-->\n\n\n\n<p class=\"wp-block-paragraph\">Seg\u00fan se inform\u00f3, se trata de un <strong>Peugeot 206<\/strong>, que por motivos que a\u00fan se desconocen comenz\u00f3 a incendiarse mientras circulaba por la traza.<\/p>\n\n\n\n<p class=\"wp-block-paragraph\">En estos momentos, trabaja en el lugar una dotaci\u00f3n de bomberos a cargo del <strong>Ayudante de Primera Pablo Mart\u00ednez<\/strong>, realizando tareas para controlar las llamas y asegurar la zona.<\/p>\n\n\n\n<p class=\"wp-block-paragraph\">Hasta el momento <strong>no se reportaron oficialmente personas heridas<\/strong>, aunque el episodio genera complicaciones en el tr\u00e1nsito y obliga a circular con precauci\u00f3n.<\/p>\n\n\n\n<p class=\"wp-block-paragraph\">Se recomienda a los conductores disminuir la velocidad y respetar las indicaciones del personal de emergencia.<\/p>\n\n\n\n<p class=\"wp-block-paragraph\"><strong>Noticia en desarrollo.<\/strong><\/p>\n","protected":false},"excerpt":{"rendered":"<p>Un incendio generalizado de un veh\u00edculo se registr\u00f3 hace instantes sobre la autopista Panamericana, a la altura del kil\u00f3metro 57,&hellip;<\/p>\n","protected":false},"author":1,"featured_media":1857,"comment_status":"open","ping_status":"open","sticky":false,"template":"","format":"standard","meta":{"footnotes":""},"categories":[2],"tags":[44,25],"class_list":["post-1856","post","type-post","status-publish","format-standard","has-post-thumbnail","hentry","category-policiales","tag-auto","tag-incendio"],"_links":{"self":[{"href":"https:\/\/noticiasdeescobar.blog\/index.php?rest_route=\/wp\/v2\/posts\/1856","targetHints":{"allow":["GET"]}}],"collection":[{"href":"https:\/\/noticiasdeescobar.blog\/index.php?rest_route=\/wp\/v2\/posts"}],"about":[{"href":"https:\/\/noticiasdeescobar.blog\/index.php?rest_route=\/wp\/v2\/types\/post"}],"author":[{"embeddable":true,"href":"https:\/\/noticiasdeescobar.blog\/index.php?rest_route=\/wp\/v2\/users\/1"}],"replies":[{"embeddable":true,"href":"https:\/\/noticiasdeescobar.blog\/index.php?rest_route=%2Fwp%2Fv2%2Fcomments&post=1856"}],"version-history":[{"count":2,"href":"https:\/\/noticiasdeescobar.blog\/index.php?rest_route=\/wp\/v2\/posts\/1856\/revisions"}],"predecessor-version":[{"id":1859,"href":"https:\/\/noticiasdeescobar.blog\/index.php?rest_route=\/wp\/v2\/posts\/1856\/revisions\/1859"}],"wp:featuredmedia":[{"embeddable":true,"href":"https:\/\/noticiasdeescobar.blog\/index.php?rest_route=\/wp\/v2\/media\/1857"}],"wp:attachment":[{"href":"https:\/\/noticiasdeescobar.blog\/index.php?rest_route=%2Fwp%2Fv2%2Fmedia&parent=1856"}],"wp:term":[{"taxonomy":"category","embeddable":true,"href":"https:\/\/noticiasdeescobar.blog\/index.php?rest_route=%2Fwp%2Fv2%2Fcategories&post=1856"},{"taxonomy":"post_tag","embeddable":true,"href":"https:\/\/noticiasdeescobar.blog\/index.php?rest_route=%2Fwp%2Fv2%2Ftags&post=1856"}],"curies":[{"name":"wp","href":"https:\/\/api.w.org\/{rel}","templated":true}]}}