{"id":1933,"date":"2026-02-26T12:18:03","date_gmt":"2026-02-26T12:18:03","guid":{"rendered":"https:\/\/noticiasdeescobar.blog\/?p=1933"},"modified":"2026-02-26T12:19:08","modified_gmt":"2026-02-26T12:19:08","slug":"recibio-siete-disparos-esta-vivo","status":"publish","type":"post","link":"https:\/\/noticiasdeescobar.blog\/?p=1933","title":{"rendered":"Recibi\u00f3 siete disparos: est\u00e1 vivo"},"content":{"rendered":"\n<p class=\"wp-block-paragraph\">Un hombre fue baleado durante la noche del mi\u00e9rcoles en la calle Carlos del Garc\u00eda, en el barrio Amancay de la localidad de Maquinista Savio.<\/p>\n\n\n\n<!--more-->\n\n\n\n<p class=\"wp-block-paragraph\">Seg\u00fan fuentes consultadas, la v\u00edctima recibi\u00f3 siete disparos de arma de fuego calibre 9 mil\u00edmetros. Tras el ataque, fue trasladado de urgencia al Hospital N\u00e9stor Kirchner, desde donde posteriormente lo derivaron en c\u00f3digo rojo al Hospital Provincial Enrique Erill.<\/p>\n\n\n\n<p class=\"wp-block-paragraph\">En el Erill fue intervenido quir\u00fargicamente y, de acuerdo a la informaci\u00f3n m\u00e9dica, deber\u00e1 ser sometido a una nueva operaci\u00f3n debido a lesiones en el colon. El paciente permanece con pron\u00f3stico reservado, aunque se encuentra con vida.<\/p>\n\n\n\n<p class=\"wp-block-paragraph\">El hombre es oriundo de la zona de Parque Florido y, si bien el motivo del ataque a\u00fan no fue confirmado oficialmente, trascendi\u00f3 que podr\u00eda estar vinculado a un presunto conflicto relacionado con drogas. Al momento del hecho se encontraba solo.<\/p>\n\n\n<div class=\"wp-block-image\">\n<figure class=\"aligncenter size-full\"><img loading=\"lazy\" decoding=\"async\" width=\"1015\" height=\"563\" src=\"https:\/\/noticiasdeescobar.blog\/wp-content\/uploads\/2026\/02\/1000371171.jpg\" alt=\"\" class=\"wp-image-1935\" srcset=\"https:\/\/noticiasdeescobar.blog\/wp-content\/uploads\/2026\/02\/1000371171.jpg 1015w, https:\/\/noticiasdeescobar.blog\/wp-content\/uploads\/2026\/02\/1000371171-300x166.jpg 300w, https:\/\/noticiasdeescobar.blog\/wp-content\/uploads\/2026\/02\/1000371171-768x426.jpg 768w\" sizes=\"auto, (max-width: 1015px) 100vw, 1015px\" \/><\/figure>\n<\/div>\n\n\n<p class=\"wp-block-paragraph\">En el lugar trabaj\u00f3 un fuerte operativo policial y la investigaci\u00f3n qued\u00f3 en manos de las autoridades correspondientes, que buscan esclarecer las circunstancias del violento episodio.<\/p>\n","protected":false},"excerpt":{"rendered":"<p>Un hombre fue baleado durante la noche del mi\u00e9rcoles en la calle Carlos del Garc\u00eda, en el barrio Amancay de&hellip;<\/p>\n","protected":false},"author":1,"featured_media":1930,"comment_status":"open","ping_status":"open","sticky":false,"template":"","format":"standard","meta":{"footnotes":""},"categories":[2],"tags":[184,47,137],"class_list":["post-1933","post","type-post","status-publish","format-standard","has-post-thumbnail","hentry","category-policiales","tag-disparos","tag-maquinista-savio","tag-tiroteo"],"_links":{"self":[{"href":"https:\/\/noticiasdeescobar.blog\/index.php?rest_route=\/wp\/v2\/posts\/1933","targetHints":{"allow":["GET"]}}],"collection":[{"href":"https:\/\/noticiasdeescobar.blog\/index.php?rest_route=\/wp\/v2\/posts"}],"about":[{"href":"https:\/\/noticiasdeescobar.blog\/index.php?rest_route=\/wp\/v2\/types\/post"}],"author":[{"embeddable":true,"href":"https:\/\/noticiasdeescobar.blog\/index.php?rest_route=\/wp\/v2\/users\/1"}],"replies":[{"embeddable":true,"href":"https:\/\/noticiasdeescobar.blog\/index.php?rest_route=%2Fwp%2Fv2%2Fcomments&post=1933"}],"version-history":[{"count":2,"href":"https:\/\/noticiasdeescobar.blog\/index.php?rest_route=\/wp\/v2\/posts\/1933\/revisions"}],"predecessor-version":[{"id":1936,"href":"https:\/\/noticiasdeescobar.blog\/index.php?rest_route=\/wp\/v2\/posts\/1933\/revisions\/1936"}],"wp:featuredmedia":[{"embeddable":true,"href":"https:\/\/noticiasdeescobar.blog\/index.php?rest_route=\/wp\/v2\/media\/1930"}],"wp:attachment":[{"href":"https:\/\/noticiasdeescobar.blog\/index.php?rest_route=%2Fwp%2Fv2%2Fmedia&parent=1933"}],"wp:term":[{"taxonomy":"category","embeddable":true,"href":"https:\/\/noticiasdeescobar.blog\/index.php?rest_route=%2Fwp%2Fv2%2Fcategories&post=1933"},{"taxonomy":"post_tag","embeddable":true,"href":"https:\/\/noticiasdeescobar.blog\/index.php?rest_route=%2Fwp%2Fv2%2Ftags&post=1933"}],"curies":[{"name":"wp","href":"https:\/\/api.w.org\/{rel}","templated":true}]}}