{"id":2044,"date":"2026-05-26T14:58:00","date_gmt":"2026-05-26T14:58:00","guid":{"rendered":"https:\/\/noticiasdeescobar.blog\/?p=2044"},"modified":"2026-05-30T15:03:02","modified_gmt":"2026-05-30T15:03:02","slug":"taty-almeida-presentara-en-escobar-la-edicion-ampliada-de-su-libro-alejandro-por-siempre-amor","status":"publish","type":"post","link":"https:\/\/noticiasdeescobar.blog\/?p=2044","title":{"rendered":"Taty Almeida presentar\u00e1 en Escobar la edici\u00f3n ampliada de su libro &#8220;Alejandro, por siempre\u2026 amor&#8221;"},"content":{"rendered":"\n<p class=\"wp-block-paragraph\">La reconocida referente de los derechos humanos <strong>Taty Almeida<\/strong>, presidenta de <strong>Madres de Plaza de Mayo L\u00ednea Fundadora<\/strong>, visitar\u00e1 el partido de Escobar para presentar la edici\u00f3n ampliada de su libro <em>&#8220;Alejandro, por siempre&#8230; amor&#8221;<\/em>, una obra profundamente personal en la que reconstruye la vida, la militancia y la desaparici\u00f3n de su hijo Alejandro durante la \u00faltima dictadura c\u00edvico-militar.<\/p>\n\n\n\n<!--more-->\n\n\n\n<p class=\"wp-block-paragraph\">La actividad se llevar\u00e1 a cabo el <strong>jueves 28 de mayo a las 13 horas<\/strong> en el recinto del <strong>Honorable Concejo Deliberante de Escobar<\/strong>, ubicado en Avenida Tapia de Cruz 1280, Bel\u00e9n de Escobar. El encuentro es organizado por la Mesa Local de Derechos Humanos, junto a distintas organizaciones sociales y de memoria, con el acompa\u00f1amiento del Municipio de Escobar.<\/p>\n\n\n\n<h3 class=\"wp-block-heading\">Una de las voces m\u00e1s emblem\u00e1ticas de la lucha por la memoria<\/h3>\n\n\n\n<p class=\"wp-block-paragraph\">Taty Almeida es una de las figuras m\u00e1s representativas de la defensa de los derechos humanos en Argentina. Integrante hist\u00f3rica de Madres de Plaza de Mayo L\u00ednea Fundadora, transform\u00f3 el dolor por la desaparici\u00f3n de su hijo en una lucha incansable por la verdad y la justicia.<\/p>\n\n\n\n<p class=\"wp-block-paragraph\">Su hijo, <strong>Alejandro Almeida<\/strong>, fue secuestrado y desaparecido en junio de 1975, meses antes del golpe militar de 1976. Durante a\u00f1os, Taty busc\u00f3 respuestas hasta que decidi\u00f3 sumarse a las Madres de Plaza de Mayo, convirti\u00e9ndose en una de las principales impulsoras de la memoria colectiva y del reclamo permanente por los desaparecidos.<\/p>\n\n\n\n<p class=\"wp-block-paragraph\">A sus m\u00e1s de 90 a\u00f1os, contin\u00faa participando activamente en actos, conferencias y actividades educativas en todo el pa\u00eds, llevando un mensaje de compromiso democr\u00e1tico, derechos humanos y construcci\u00f3n de memoria.<\/p>\n\n\n\n<h3 class=\"wp-block-heading\">Un libro atravesado por la historia y el amor<\/h3>\n\n\n\n<p class=\"wp-block-paragraph\"><em>&#8220;Alejandro, por siempre&#8230; amor&#8221;<\/em> es mucho m\u00e1s que una biograf\u00eda. Se trata de un relato \u00edntimo en el que Almeida comparte cartas, recuerdos y reflexiones sobre su hijo, al tiempo que reconstruye una parte fundamental de la historia argentina reciente.<\/p>\n\n\n\n<p class=\"wp-block-paragraph\">La edici\u00f3n ampliada, que ser\u00e1 presentada en Escobar, incorpora nuevos testimonios y materiales que profundizan el recorrido de una historia marcada por la b\u00fasqueda de justicia y el amor inquebrantable de una madre.<\/p>\n\n\n\n<p class=\"wp-block-paragraph\">La jornada ser\u00e1 abierta a la comunidad y representar\u00e1 una oportunidad para escuchar de primera mano a una de las protagonistas m\u00e1s importantes de la lucha por los derechos humanos en la Argentina.<\/p>\n","protected":false},"excerpt":{"rendered":"<p>La reconocida referente de los derechos humanos Taty Almeida, presidenta de Madres de Plaza de Mayo L\u00ednea Fundadora, visitar\u00e1 el&hellip;<\/p>\n","protected":false},"author":1,"featured_media":2045,"comment_status":"open","ping_status":"open","sticky":false,"template":"","format":"standard","meta":{"footnotes":""},"categories":[282],"tags":[],"class_list":["post-2044","post","type-post","status-publish","format-standard","has-post-thumbnail","hentry","category-legislativas"],"_links":{"self":[{"href":"https:\/\/noticiasdeescobar.blog\/index.php?rest_route=\/wp\/v2\/posts\/2044","targetHints":{"allow":["GET"]}}],"collection":[{"href":"https:\/\/noticiasdeescobar.blog\/index.php?rest_route=\/wp\/v2\/posts"}],"about":[{"href":"https:\/\/noticiasdeescobar.blog\/index.php?rest_route=\/wp\/v2\/types\/post"}],"author":[{"embeddable":true,"href":"https:\/\/noticiasdeescobar.blog\/index.php?rest_route=\/wp\/v2\/users\/1"}],"replies":[{"embeddable":true,"href":"https:\/\/noticiasdeescobar.blog\/index.php?rest_route=%2Fwp%2Fv2%2Fcomments&post=2044"}],"version-history":[{"count":1,"href":"https:\/\/noticiasdeescobar.blog\/index.php?rest_route=\/wp\/v2\/posts\/2044\/revisions"}],"predecessor-version":[{"id":2046,"href":"https:\/\/noticiasdeescobar.blog\/index.php?rest_route=\/wp\/v2\/posts\/2044\/revisions\/2046"}],"wp:featuredmedia":[{"embeddable":true,"href":"https:\/\/noticiasdeescobar.blog\/index.php?rest_route=\/wp\/v2\/media\/2045"}],"wp:attachment":[{"href":"https:\/\/noticiasdeescobar.blog\/index.php?rest_route=%2Fwp%2Fv2%2Fmedia&parent=2044"}],"wp:term":[{"taxonomy":"category","embeddable":true,"href":"https:\/\/noticiasdeescobar.blog\/index.php?rest_route=%2Fwp%2Fv2%2Fcategories&post=2044"},{"taxonomy":"post_tag","embeddable":true,"href":"https:\/\/noticiasdeescobar.blog\/index.php?rest_route=%2Fwp%2Fv2%2Ftags&post=2044"}],"curies":[{"name":"wp","href":"https:\/\/api.w.org\/{rel}","templated":true}]}}