{"id":2073,"date":"2026-08-29T20:39:00","date_gmt":"2026-08-29T20:39:00","guid":{"rendered":"https:\/\/noticiasdeescobar.blog\/?p=2073"},"modified":"2026-09-01T20:41:09","modified_gmt":"2026-09-01T20:41:09","slug":"se-creo-el-registro-de-barrios-de-escobar","status":"publish","type":"post","link":"https:\/\/noticiasdeescobar.blog\/?p=2073","title":{"rendered":"Se cre\u00f3 el Registro de barrios de Escobar"},"content":{"rendered":"\n<p class=\"wp-block-paragraph\">Ayer en el Honorable Concejo Deliberante de Escobar se realiz\u00f3 la Novena Sesi\u00f3n Ordinaria, en la que se aprob\u00f3 la creaci\u00f3n del Registro Municipal de barrios del Partido de Escobar. Este instrumento fue creado, en el marco del programa de participaci\u00f3n ciudadana \u201cEscobar y sus barrios\u201d. <\/p>\n\n\n\n<!--more-->\n\n\n\n<p class=\"wp-block-paragraph\">A trav\u00e9s de \u00e9l, se apunta a generar un archivo catastral, mediante el cual se pueda ordenar y definir oficialmente los l\u00edmites territoriales de cada barrio del distrito.<\/p>\n\n\n\n<p class=\"wp-block-paragraph\">Adem\u00e1s. se aprobaron ocho proyectos, entre ellos se destacan:<\/p>\n\n\n\n<ul class=\"wp-block-list\">\n<li>Se declar\u00f3 vecina destacada a Nucha P\u00e9cora, por su trayectoria al frente del restaurante \u201cLa cocina de Nucha\u201d, en Bel\u00e9n de Escobar y por su labor comunitaria.<\/li>\n\n\n\n<li>Se otorg\u00f3 un reconocimiento a Beatriz Sperandio, por su aporte al desarrollo de la cultura de Maq. Savio, a trav\u00e9s de su carrera como locutora, docente y actriz.<\/li>\n\n\n\n<li>Se declar\u00f3 de inter\u00e9s legislativo la 63\u00aa Edicion de la Fiesta Nacional de la Flor a realizarse del 4 al 12 de octubre.<\/li>\n\n\n\n<li>Se declar\u00f3 de inter\u00e9s educativo y tur\u00edstico el programa \u201cTimoneles 17 estudiantes gu\u00edas: turismo educativo, ambiental y patrimonial\u201d.<\/li>\n<\/ul>\n","protected":false},"excerpt":{"rendered":"<p>Ayer en el Honorable Concejo Deliberante de Escobar se realiz\u00f3 la Novena Sesi\u00f3n Ordinaria, en la que se aprob\u00f3 la&hellip;<\/p>\n","protected":false},"author":1,"featured_media":2074,"comment_status":"open","ping_status":"open","sticky":false,"template":"","format":"standard","meta":{"footnotes":""},"categories":[282],"tags":[],"class_list":["post-2073","post","type-post","status-publish","format-standard","has-post-thumbnail","hentry","category-legislativas"],"_links":{"self":[{"href":"https:\/\/noticiasdeescobar.blog\/index.php?rest_route=\/wp\/v2\/posts\/2073","targetHints":{"allow":["GET"]}}],"collection":[{"href":"https:\/\/noticiasdeescobar.blog\/index.php?rest_route=\/wp\/v2\/posts"}],"about":[{"href":"https:\/\/noticiasdeescobar.blog\/index.php?rest_route=\/wp\/v2\/types\/post"}],"author":[{"embeddable":true,"href":"https:\/\/noticiasdeescobar.blog\/index.php?rest_route=\/wp\/v2\/users\/1"}],"replies":[{"embeddable":true,"href":"https:\/\/noticiasdeescobar.blog\/index.php?rest_route=%2Fwp%2Fv2%2Fcomments&post=2073"}],"version-history":[{"count":1,"href":"https:\/\/noticiasdeescobar.blog\/index.php?rest_route=\/wp\/v2\/posts\/2073\/revisions"}],"predecessor-version":[{"id":2075,"href":"https:\/\/noticiasdeescobar.blog\/index.php?rest_route=\/wp\/v2\/posts\/2073\/revisions\/2075"}],"wp:featuredmedia":[{"embeddable":true,"href":"https:\/\/noticiasdeescobar.blog\/index.php?rest_route=\/wp\/v2\/media\/2074"}],"wp:attachment":[{"href":"https:\/\/noticiasdeescobar.blog\/index.php?rest_route=%2Fwp%2Fv2%2Fmedia&parent=2073"}],"wp:term":[{"taxonomy":"category","embeddable":true,"href":"https:\/\/noticiasdeescobar.blog\/index.php?rest_route=%2Fwp%2Fv2%2Fcategories&post=2073"},{"taxonomy":"post_tag","embeddable":true,"href":"https:\/\/noticiasdeescobar.blog\/index.php?rest_route=%2Fwp%2Fv2%2Ftags&post=2073"}],"curies":[{"name":"wp","href":"https:\/\/api.w.org\/{rel}","templated":true}]}}