{"id":301,"date":"2025-01-01T15:16:35","date_gmt":"2025-01-01T15:16:35","guid":{"rendered":"https:\/\/noticiasdeescobar.blog\/?p=301"},"modified":"2025-01-01T17:06:14","modified_gmt":"2025-01-01T17:06:14","slug":"crimen-en-maschwitz-cambio-la-caratula-de-la-causa","status":"publish","type":"post","link":"https:\/\/noticiasdeescobar.blog\/?p=301","title":{"rendered":"Crimen en Maschwitz: cambi\u00f3 la car\u00e1tula de la causa\u00a0"},"content":{"rendered":"\n<p class=\"has-vivid-cyan-blue-color has-text-color has-link-color wp-elements-da9dc6c0dce0b2dd81199da2bbaec5b9 wp-block-paragraph\"><strong><em>Hay dos detenidos y buscan a un tercero. Los implicados tienen serios antecedentes y podr\u00edan recibir cadena perpetua.<\/em><\/strong>&nbsp;<\/p>\n\n\n\n<!--more-->\n\n\n\n<p class=\"wp-block-paragraph\"><\/p>\n\n\n\n<p class=\"wp-block-paragraph\">Este martes hubo un <a href=\"https:\/\/noticiasdeescobar.blog\/?p=298\" target=\"_blank\" rel=\"noopener\" title=\"\">asesinato en el barrio San Miguel de Ingeniero Maschwitz<\/a> que deriv\u00f3 en dos detenciones. Desde ayer, distintas fuerzas de polic\u00eda buscan a un tercer implicado.&nbsp;<\/p>\n\n\n<div class=\"wp-block-image\">\n<figure class=\"aligncenter size-large\"><img loading=\"lazy\" decoding=\"async\" width=\"768\" height=\"1024\" src=\"https:\/\/noticiasdeescobar.blog\/wp-content\/uploads\/2025\/01\/893456f5_cb38_4ab8_aa76_4081cb984360-768x1024.jpg\" alt=\"\" class=\"wp-image-304\" srcset=\"https:\/\/noticiasdeescobar.blog\/wp-content\/uploads\/2025\/01\/893456f5_cb38_4ab8_aa76_4081cb984360-768x1024.jpg 768w, https:\/\/noticiasdeescobar.blog\/wp-content\/uploads\/2025\/01\/893456f5_cb38_4ab8_aa76_4081cb984360-225x300.jpg 225w, https:\/\/noticiasdeescobar.blog\/wp-content\/uploads\/2025\/01\/893456f5_cb38_4ab8_aa76_4081cb984360-1152x1536.jpg 1152w, https:\/\/noticiasdeescobar.blog\/wp-content\/uploads\/2025\/01\/893456f5_cb38_4ab8_aa76_4081cb984360.jpg 1200w\" sizes=\"auto, (max-width: 768px) 100vw, 768px\" \/><\/figure>\n<\/div>\n\n\n<p class=\"wp-block-paragraph\">En las primeras horas de este mi\u00e9rcoles sali\u00f3 una nueva resoluci\u00f3n judicial en la que ambos sujetos quedan detenidos por la calificaci\u00f3n de robo en concurso ideal con homicidio criminis causa.&nbsp;<\/p>\n\n\n\n<p class=\"wp-block-paragraph\">Seg\u00fan trascendi\u00f3, ambos cuentan con un frondoso prontuario y podr\u00edan enfrentar cadena perpetua. Tienen 46 y 47 a\u00f1os. Y fueron encontrados en el mismo barrio donde viven y efectuaron el robo y crimen de una mujer de 90 a\u00f1os.&nbsp;<\/p>\n\n\n<div class=\"wp-block-image\">\n<figure class=\"aligncenter size-large\"><img loading=\"lazy\" decoding=\"async\" width=\"576\" height=\"1024\" src=\"https:\/\/noticiasdeescobar.blog\/wp-content\/uploads\/2025\/01\/8448c890_6a45_4702_abf8_002bf352065b-576x1024.jpg\" alt=\"\" class=\"wp-image-305\" srcset=\"https:\/\/noticiasdeescobar.blog\/wp-content\/uploads\/2025\/01\/8448c890_6a45_4702_abf8_002bf352065b-576x1024.jpg 576w, https:\/\/noticiasdeescobar.blog\/wp-content\/uploads\/2025\/01\/8448c890_6a45_4702_abf8_002bf352065b-169x300.jpg 169w, https:\/\/noticiasdeescobar.blog\/wp-content\/uploads\/2025\/01\/8448c890_6a45_4702_abf8_002bf352065b-768x1365.jpg 768w, https:\/\/noticiasdeescobar.blog\/wp-content\/uploads\/2025\/01\/8448c890_6a45_4702_abf8_002bf352065b-864x1536.jpg 864w, https:\/\/noticiasdeescobar.blog\/wp-content\/uploads\/2025\/01\/8448c890_6a45_4702_abf8_002bf352065b.jpg 900w\" sizes=\"auto, (max-width: 576px) 100vw, 576px\" \/><\/figure>\n<\/div>\n\n\n<p class=\"wp-block-paragraph\">En su domicilio de Aguirre y Ruta 26, la se\u00f1ora fue abordada por los delincuentes que le robaron, golpearon con sa\u00f1a y huyeron. Ella, horas despu\u00e9s, falleci\u00f3 en la UDP de Gar\u00edn.&nbsp;<\/p>\n","protected":false},"excerpt":{"rendered":"<p>Hay dos detenidos y buscan a un tercero. Los implicados tienen serios antecedentes y podr\u00edan recibir cadena perpetua.&nbsp;<\/p>\n","protected":false},"author":1,"featured_media":302,"comment_status":"open","ping_status":"open","sticky":false,"template":"","format":"standard","meta":{"footnotes":""},"categories":[2],"tags":[62,60,61],"class_list":["post-301","post","type-post","status-publish","format-standard","has-post-thumbnail","hentry","category-policiales","tag-asesinato","tag-crimen","tag-ingeniero-maschwitz"],"_links":{"self":[{"href":"https:\/\/noticiasdeescobar.blog\/index.php?rest_route=\/wp\/v2\/posts\/301","targetHints":{"allow":["GET"]}}],"collection":[{"href":"https:\/\/noticiasdeescobar.blog\/index.php?rest_route=\/wp\/v2\/posts"}],"about":[{"href":"https:\/\/noticiasdeescobar.blog\/index.php?rest_route=\/wp\/v2\/types\/post"}],"author":[{"embeddable":true,"href":"https:\/\/noticiasdeescobar.blog\/index.php?rest_route=\/wp\/v2\/users\/1"}],"replies":[{"embeddable":true,"href":"https:\/\/noticiasdeescobar.blog\/index.php?rest_route=%2Fwp%2Fv2%2Fcomments&post=301"}],"version-history":[{"count":2,"href":"https:\/\/noticiasdeescobar.blog\/index.php?rest_route=\/wp\/v2\/posts\/301\/revisions"}],"predecessor-version":[{"id":306,"href":"https:\/\/noticiasdeescobar.blog\/index.php?rest_route=\/wp\/v2\/posts\/301\/revisions\/306"}],"wp:featuredmedia":[{"embeddable":true,"href":"https:\/\/noticiasdeescobar.blog\/index.php?rest_route=\/wp\/v2\/media\/302"}],"wp:attachment":[{"href":"https:\/\/noticiasdeescobar.blog\/index.php?rest_route=%2Fwp%2Fv2%2Fmedia&parent=301"}],"wp:term":[{"taxonomy":"category","embeddable":true,"href":"https:\/\/noticiasdeescobar.blog\/index.php?rest_route=%2Fwp%2Fv2%2Fcategories&post=301"},{"taxonomy":"post_tag","embeddable":true,"href":"https:\/\/noticiasdeescobar.blog\/index.php?rest_route=%2Fwp%2Fv2%2Ftags&post=301"}],"curies":[{"name":"wp","href":"https:\/\/api.w.org\/{rel}","templated":true}]}}